{"id":210,"date":"2020-03-16T11:27:21","date_gmt":"2020-03-16T10:27:21","guid":{"rendered":"http:\/\/noaillesdebout.org\/?p=210"},"modified":"2021-02-15T19:58:21","modified_gmt":"2021-02-15T18:58:21","slug":"radio-noailles","status":"publish","type":"post","link":"https:\/\/noaillesdebout.org\/index.php\/2020\/03\/16\/radio-noailles\/","title":{"rendered":"Radio Noailles"},"content":{"rendered":"\n<p><em>Les murs ont des oreilles, mais aussi une voix : la v\u00f4tre.<\/em><\/p>\n\n\n\n<p>Radio Noailles est la collection de tous -ou presque- les enregistrements, \u00e9missions et interviews de l&rsquo;ann\u00e9e 2018-2019 qui a suivi les effondrements de la rue d&rsquo;Aubagne. Quelques jours avant le lancement, les habitants ont pu parler de cette ann\u00e9e aux micros tendus dans le quartier et leurs mots sont dans la boucle que vous pouvez entendre ici :  <a rel=\"noreferrer noopener\" target=\"_blank\" href=\"https:\/\/www.radioking.com\/radio\/radio-noailles?fbclid=IwAR2SBbXFyoVAKHN0cwDi6Z5Q_jUHsQQSxVgU-dLf4VMsUPnZSfl1tG_8cac\">https:\/\/www.radioking.com\/radio\/radio-noailles<\/a> <\/p>\n\n\n\n<p>Voici l&rsquo;appel \u00e0 participer qui a \u00e9t\u00e9 diffus\u00e9 dans le quartier<\/p>\n\n\n\n<figure class=\"wp-block-video\"><video controls src=\"http:\/\/noaillesdebout.org\/wp-content\/uploads\/2021\/01\/radio-noailles_QuggYILH.mp4\"><\/video><figcaption>Appel \u00e0 raconter cette ann\u00e9e<\/figcaption><\/figure>\n\n\n\n<p>Radio Noailles \u00e9tait diffus\u00e9e sur le web en continu lors de la semaine de comm\u00e9morations qui s&rsquo;est tenue l&rsquo;an dernier du 4 au 10 novembre. Cette ann\u00e9e, on prend les m\u00eames et on recommence! Concr\u00e8tement, ce sont des dizaines d&rsquo;heure de sons, compos\u00e9es de 3 \u00e9l\u00e9ments :<\/p>\n\n\n\n<p>DE JOUR EN JOUR &#8211; Les paroles partag\u00e9es aux micros de Noailles durant la semaine de comm\u00e9morations, dont 2 plateaux radios r\u00e9alis\u00e9s en direct. <\/p>\n\n\n\n<p>COMPILATION &#8211; Une r\u00e9colte de sons r\u00e9alis\u00e9s pendant l\u2019ann\u00e9e : entretiens,reportages, ambiances, humeurs, slogans, plateaux radios&#8230;365 <\/p>\n\n\n\n<p>JOURS, 365 PHRASES &#8211; Une compilation de vos impressions sur l\u2019ann\u00e9equi s\u2019est \u00e9coul\u00e9e (de 2018 \u00e0 2019 donc).<\/p>\n\n\n\n<p> <a rel=\"noreferrer noopener\" target=\"_blank\" href=\"https:\/\/www.radioking.com\/radio\/radio-noailles?fbclid=IwAR2SBbXFyoVAKHN0cwDi6Z5Q_jUHsQQSxVgU-dLf4VMsUPnZSfl1tG_8cac\">https:\/\/www.radioking.com\/radio\/radio-noailles<\/a>  <br><br>Cette date correspond au lancement de la semaine de comm\u00e9moration <a rel=\"noreferrer noopener\" target=\"_blank\" href=\"https:\/\/www.facebook.com\/events\/446946212601880\/\">Noailles Debout, Vive Noailles !<\/a> un an apr\u00e8s les effondrements du 63 et 65 rue d&rsquo;Aubagne o\u00f9 8 personnes ont perdu la vie. Le 1er d\u00e9cembre, un soir de manifestation contre la mal-logement, Zineb Redouane a \u00e9t\u00e9 atteinte par un tir de lance-grenade sur son balcon. Une neuvi\u00e8me victime.<br><br>A cause de l&rsquo;\u00e9tat d&rsquo;insalubrit\u00e9 et\/ou de p\u00e9ril de tr\u00e8s nombreux immeubles dans le quartier et dans tout Marseille, plus de 3700 personnes ont \u00e9t\u00e9 d\u00e9log\u00e9es durant l&rsquo;ann\u00e9e qui vient de s&rsquo;\u00e9couler, et \u00e7a continue chaque semaine.<br><br>Radio Noailles diffuse les paroles que vous avez partag\u00e9es aux micros de Noailles, durant les plateaux radios sur la place du 5 novembre ou aux micros en itin\u00e9rance dans le quartier.<br><br>Tout le monde \u00e0 quelque chose \u00e0 dire, alors enregistrez-vous avec votre t\u00e9l\u00e9phone, envoyez-nous vos sons sur radio@noaillesdebout.org ou venez vous exprimer le lundi apr\u00e8s-midi \u00e0 l&rsquo;<a rel=\"noreferrer noopener\" target=\"_blank\" href=\"https:\/\/www.facebook.com\/Asile404\/\">Asile 404<\/a><br><br>On vous propose un questionnaire indicatif pour vous aider \u00e0 parler de l\u2019ann\u00e9e qui vient de passer, de votre ressenti durant les 365 derniers jours. Vous pouvez r\u00e9pondre \u00e0 toutes les questions ou juste \u00e0 celles que vous voulez. Anonyme ou pas, c&rsquo;est vous qui d\u00e9cidez : nous pouvons modifier votre voix pour ne pas qu&rsquo;on vous reconnaisse. Si c&rsquo;est plus simple, demandez \u00e0 quelqu&rsquo;un de vous enregistrer avec un t\u00e9l\u00e9phone, et de vous lire les questions suivantes :<br>       &#8211; Quel est votre souvenir le plus marquant  de cette ann\u00e9e?<br>       &#8211; De quoi avez-vous eu peur cette ann\u00e9e?<br>       &#8211; Qui avez-vous rencontr\u00e9 cette ann\u00e9e? Qu&rsquo;est-ce que ces rencontres vous ont amen\u00e9 \u00e0 faire ensemble?<br>       &#8211; Avez-vous \u00e9t\u00e9 d\u00e9log\u00e9 ou expuls\u00e9 de chez vous cette ann\u00e9e,<br>       &#8211; Qu&rsquo;est-ce qui vous a mis en col\u00e8re cette ann\u00e9e?<br>       &#8211; Qu&rsquo;est-ce qui vous a rendu heureux cette ann\u00e9e?<br>       &#8211; Qu&rsquo;est-ce qui a chang\u00e9 dans votre vie cette ann\u00e9e?<br>       &#8211; Qu&rsquo;est-ce que vous avez appris ou d\u00e9couvert sur Marseille cette ann\u00e9e?<br><br>Radio Noailles, c&rsquo;est plus de 24h de sons diff\u00e9rents, avec une r\u00e9colte de sons r\u00e9alis\u00e9s pendant l\u2019ann\u00e9e : entretiens, reportages, ambiances, humeurs, slogans, plateaux radios&#8230; avec de sons de <a rel=\"noreferrer noopener\" target=\"_blank\" href=\"https:\/\/www.facebook.com\/RadioGrenouille\/\">Radio Grenouille<\/a>, <a rel=\"noreferrer noopener\" target=\"_blank\" href=\"https:\/\/www.facebook.com\/RadioGalere\/\">Radio Galere<\/a>, <a rel=\"noreferrer noopener\" target=\"_blank\" href=\"https:\/\/www.facebook.com\/radiozinzine.aix\/\">Radio Zinzine Aix<\/a>, <a rel=\"noreferrer noopener\" target=\"_blank\" href=\"https:\/\/www.facebook.com\/journalzibeline13\/\">Journal Zibeline<\/a>, <a rel=\"noreferrer noopener\" target=\"_blank\" href=\"https:\/\/www.facebook.com\/Primitivi-1170504303114773\/\">Primitivi<\/a>, Alain Barlatier, <a rel=\"noreferrer noopener\" target=\"_blank\" href=\"https:\/\/www.facebook.com\/TribuneOuverteNoailles\/\">Tribune Ouverte Noailles<\/a>, <a rel=\"noreferrer noopener\" target=\"_blank\" href=\"https:\/\/www.facebook.com\/IndigneToit-110808467004192\/\">IndigneToit<\/a>, @Copie Carbone, <a rel=\"noreferrer noopener\" target=\"_blank\" href=\"https:\/\/www.facebook.com\/radioactiviteradio\/\">Radio Activit\u00e9<\/a>, <a rel=\"noreferrer noopener\" target=\"_blank\" href=\"https:\/\/www.facebook.com\/TeleMouche\/\">T\u00e9l\u00e9 Mouche<\/a>, <a rel=\"noreferrer noopener\" target=\"_blank\" href=\"https:\/\/www.facebook.com\/menstruelles\/\">Les Menstruelles<\/a>, <a rel=\"noreferrer noopener\" target=\"_blank\" href=\"https:\/\/www.facebook.com\/Presse.Liberee\/\">Presse Lib\u00e9r\u00e9e<\/a>, <a rel=\"noreferrer noopener\" target=\"_blank\" href=\"https:\/\/www.facebook.com\/dutarpinsurlaplanche\/\">Du Tarpin Sur La Planche<\/a>&#8230;<br>                        <br>N\u2019h\u00e9sitez \u00e0 nous envoyer vos sons sur radio@noaillesdebout.org <br><br> Radio Noailles est diffus\u00e9e sur internet en flux continu \u00e0 cette adresse : <a rel=\"noreferrer noopener\" target=\"_blank\" href=\"https:\/\/l.facebook.com\/l.php?u=https%3A%2F%2Fwww.radioking.com%2Fradio%2Fradio-noailles%3Ffbclid%3DIwAR2-arxLRQsfUetCmB1GDlQw3K2e5E3llGttK6yYHDR02dPoR84dq1O8fLM&amp;h=AT1-ixQnenOBUQxxSLz6c54F4jgWc5qzqKLVHNmR6vKVvGkruR_V7a6gAlmkqDZP5F2R1crJHcWkNi3_hzg5iBGupV4xG_HY83SRIZpuR13pbPAxUOtR216PS75qaL9nxNwKQ2HxF5kUmstQVg2TODk\">https:\/\/www.radioking.com\/radio\/radio-noailles<\/a><br><br>         &#8212;&#8212;&#8212;&#8212;&#8212;&#8212;&#8212;&#8212;&#8212;&#8212;&#8212;&#8212;&#8212;&#8212;&#8212;&#8212;&#8212;&#8212;&#8212;&#8212;&#8212;&#8212;&#8212;&#8212;&#8212;-<br><br>              PROGRAMME DE LA SEMAINE DU 5 NOVEMBRE 2019  :<br><br>&#8211; Durant toute la semaine, des micros sont en balade dans le quartier pour vous donner la parole.<br><br>&#8211; Lundi 4 novembre : Venez participer au plateau radio ouvert sur la place du 5 novembre, en direct sur Radio Zinzine de 18h \u00e0 20h, \u00e0 \u00e9couter sur place ou sur internet sur <a rel=\"noreferrer noopener\" target=\"_blank\" href=\"https:\/\/l.facebook.com\/l.php?u=https%3A%2F%2Fradiozinzine.org%2F%3Ffbclid%3DIwAR1e58xOsdDoiFvavVW8GIvUUzU7AxZac4h2ygvWcJZleONriZVulrH_k-E&amp;h=AT32nN_s8iQ_wVB1SztYCaisUaP5dexYZCeqg1rozWzayuxAfGg9eaca4J_RbUAe6O6_T91whf50r3OO8GIznHhRHH6qt5-tYPoOPUVw-hylXW11EEOvBz6zmlkYF8atZrJKjpuAIL3K7vODFV83Kd0\">https:\/\/radiozinzine.org\/<\/a># <br><br>&#8211; Mardi 5 novembre : Venez participer au plateau radio ouvert sur la place du 5 novembre, en direct sur Radio Gal\u00e8re de 18h \u00e0 20h, \u00e0 \u00e9couter sur le 88.4 FM, sur internet ou sur place. <br><br>&#8211; Vendredi 8 novembre : \u00e9coute collective  de Radio Noailles sur la place du 5 novembre, de 18h \u00e0 20h. Ramenez vos chaises et vos coussins.<\/p>\n","protected":false},"excerpt":{"rendered":"<p>Les murs ont des oreilles, mais aussi une voix : la v\u00f4tre. Radio Noailles est la collection de tous -ou presque- les enregistrements, \u00e9missions et interviews de l&rsquo;ann\u00e9e 2018-2019 qui a suivi les effondrements de la rue d&rsquo;Aubagne. Quelques jours avant le lancement, les habitants ont pu parler de cette ann\u00e9e aux micros tendus dans le quartier et leurs mots<\/p>\n<p><a class=\"more-link\" href=\"https:\/\/noaillesdebout.org\/index.php\/2020\/03\/16\/radio-noailles\/\">Read More<\/a><\/p>\n","protected":false},"author":1,"featured_media":129,"comment_status":"closed","ping_status":"closed","sticky":false,"template":"","format":"standard","meta":[],"categories":[11,6],"tags":[],"_links":{"self":[{"href":"https:\/\/noaillesdebout.org\/index.php\/wp-json\/wp\/v2\/posts\/210"}],"collection":[{"href":"https:\/\/noaillesdebout.org\/index.php\/wp-json\/wp\/v2\/posts"}],"about":[{"href":"https:\/\/noaillesdebout.org\/index.php\/wp-json\/wp\/v2\/types\/post"}],"author":[{"embeddable":true,"href":"https:\/\/noaillesdebout.org\/index.php\/wp-json\/wp\/v2\/users\/1"}],"replies":[{"embeddable":true,"href":"https:\/\/noaillesdebout.org\/index.php\/wp-json\/wp\/v2\/comments?post=210"}],"version-history":[{"count":6,"href":"https:\/\/noaillesdebout.org\/index.php\/wp-json\/wp\/v2\/posts\/210\/revisions"}],"predecessor-version":[{"id":492,"href":"https:\/\/noaillesdebout.org\/index.php\/wp-json\/wp\/v2\/posts\/210\/revisions\/492"}],"wp:featuredmedia":[{"embeddable":true,"href":"https:\/\/noaillesdebout.org\/index.php\/wp-json\/wp\/v2\/media\/129"}],"wp:attachment":[{"href":"https:\/\/noaillesdebout.org\/index.php\/wp-json\/wp\/v2\/media?parent=210"}],"wp:term":[{"taxonomy":"category","embeddable":true,"href":"https:\/\/noaillesdebout.org\/index.php\/wp-json\/wp\/v2\/categories?post=210"},{"taxonomy":"post_tag","embeddable":true,"href":"https:\/\/noaillesdebout.org\/index.php\/wp-json\/wp\/v2\/tags?post=210"}],"curies":[{"name":"wp","href":"https:\/\/api.w.org\/{rel}","templated":true}]}}